[{"@context":"https:\/\/schema.org\/","@type":"Article","@id":"https:\/\/www.usulov.sk\/zimna-sezona-zacala-dovolenka-snov\/#Article","mainEntityOfPage":"https:\/\/www.usulov.sk\/zimna-sezona-zacala-dovolenka-snov\/","headline":"Zimn\u00e1 sez\u00f3na za\u010dala dovolenka snov","name":"Zimn\u00e1 sez\u00f3na za\u010dala dovolenka snov","description":"S\u00edce e\u0161te sa n\u00e1mestie nie zasne\u017een\u00e9 ani v n\u00ed\u017ein\u00e1ch nie ani stopa po snehu a vzduch ako na jar .\u00a0 Ja ke\u010f som narodila mama mi hovorila \u017ee bolo kopu snehu ani von sa nedalo \u00eds\u0165 v\u0161etko bolo zasypan\u00e9 len cez pivnicu teraz \u00faplne \u010dlovek pom\u00fdlen\u00fd nevie ak\u00e9 je pomaly ro\u010dne obdobie \u010di je jar [&hellip;]","datePublished":"2022-12-20","dateModified":"2022-12-20","author":{"@type":"Person","@id":"https:\/\/www.usulov.sk\/author\/#Person","name":"","url":"https:\/\/www.usulov.sk\/author\/","identifier":1,"image":{"@type":"ImageObject","@id":"https:\/\/secure.gravatar.com\/avatar\/6808215d501bdbb001ef3734be3cdad1be23596de78c590ed2ac5868fce74c95?s=96&d=mm&r=g","url":"https:\/\/secure.gravatar.com\/avatar\/6808215d501bdbb001ef3734be3cdad1be23596de78c590ed2ac5868fce74c95?s=96&d=mm&r=g","height":96,"width":96}},"publisher":{"@type":"Organization","name":"usulov.sk","logo":{"@type":"ImageObject","@id":"\/logo.png","url":"\/logo.png","width":600,"height":60}},"image":{"@type":"ImageObject","@id":"https:\/\/www.usulov.sk\/wp-content\/uploads\/rough-horn-2146181_1280_1.jpg","url":"https:\/\/www.usulov.sk\/wp-content\/uploads\/rough-horn-2146181_1280_1.jpg","height":0,"width":0},"url":"https:\/\/www.usulov.sk\/zimna-sezona-zacala-dovolenka-snov\/","about":["Dovolenka"],"wordCount":570,"articleBody":"S\u00edce e\u0161te sa n\u00e1mestie nie zasne\u017een\u00e9 ani v n\u00ed\u017ein\u00e1ch nie ani stopa po snehu a vzduch ako na jar .\u00a0 Ja ke\u010f som narodila mama mi hovorila \u017ee bolo kopu snehu ani von sa nedalo \u00eds\u0165 v\u0161etko bolo zasypan\u00e9 len cez pivnicu teraz \u00faplne \u010dlovek pom\u00fdlen\u00fd nevie ak\u00e9 je pomaly ro\u010dne obdobie \u010di je jar \u010di zima. Ako aj dnes je s\u00edce sviatok no m\u00e1m tu majstrov od internetu zav\u00e1dzaj\u00fa 5 G internet optick\u00fd vid\u00edte ka\u017ed\u00fd m\u00e1 nejak\u00fa robotu st\u00e1le. U\u017e sa chystaj\u00fa aj Viano\u010dne trhy \u010di v Rak\u00fasku a podobne je to kr\u00e1sa to\u013eko farebn\u00fdch svetiel, efektov ja sa ve\u013emi te\u0161\u00edm na Vianoce milujeme t\u00fa atmosf\u00e9ru z\u00e1zra\u010dn\u00fa milujeme rozpr\u00e1vky niekto by mo\u017eno povedal \u017ee je to pre mal\u00e9 deti rozpr\u00e1vky no m\u00fdli sa aj pre dospel\u00fdch v ka\u017edom z n\u00e1s je die\u0165a st\u00e1le. Niekedy je dobre zasta\u0165 v \u010dase a obzrie\u0165 sa dozadu ke\u010f sme boli de\u0165mi. Dnes nesta\u010d\u00ed de\u0165om jedna vec hra\u010dka musia ma\u0165 tak\u00fa onak\u00fa hra\u010dku.Najmodernej\u0161ie technol\u00f3gie veci oble\u010denie vo\u013eakedy deti\u010dky mali jednu doma vyroben\u00fa dreven\u00fa hra\u010dku a boli spokojn\u00fd alebo aut\u00ed\u010dko. Teraz chc\u00fa od v\u00fdmyslu sveta hrozn\u00e9 ni\u010d skromn\u00e9ho na\u010do je to len hmota a hmota. Dnes sa deti nevedia hra\u0165 zunuj\u00fa hne\u010f veci len tie tablety, mobile des ako roboty takzvan\u00e1 umel\u00e1 inteligencia. My ako deti sme sa prehrali cel\u00e9 hodiny vonku alebo si \u010d\u00edtali knihy teraz ani \u010d\u00edta\u0165 deti nevedia v\u00f4bec nevenuj\u00fa sa k tomu je to nepredstavite\u013en\u00e9 pre m\u0148a ako lektorku smutn\u00e9. Ako jajk\u00e1me podaktor\u00ed \u017ee m\u00e1lo m\u00e1me pe\u0148az\u00ed a ka\u017ed\u00fd rok s\u00fa vychytan\u00e9 dovolenky na Viano\u010dne sviatky \u010di v Tatr\u00e1ch a podobne je to \u017ealostn\u00fd stav v\u00f4bec nemysl\u00edme na svojich bl\u00edzkych len seba. Te\u0161\u00edm sa hl\u00e1sia sne\u017eenie keby aspo\u0148 mrzlo lebo vzduch je tak povediac ako na jar f\u00faka s\u00edce studen\u0161\u00ed vietor ale nejak zima nie je rada by som t\u00fato zimu za\u017eila gu\u013eova\u010dku ako sa patr\u00ed u\u017e sa nepam\u00e4t\u00e1m kedy bol naposledy sneh. S\u00edce d\u00e1vno som bola die\u0165a ale sneh milujem aj stavanie snehuliakov smiech \u010dlovek vide z komfortu. S\u00fa \u013eudia detinsky ke\u010f si myslia \u017ee rozpr\u00e1vky s\u00fa len pre dospel\u00fdch zrejme ne\u0161tuduj\u00fa aj ke\u010f internetov\u00e9 zdroje. \u010clovek by sa mal zastavi\u0165 aspo\u0148 na Vianoce by\u0165 \u00faslu\u017en\u00fd k Bohu zamyslie\u0165 sa na vecami nad hmotou z\u00e1js\u0165 aj do toho kostola my chodievame aj nede\u013eu alebo ke\u010f dovol\u00ed \u010das ale aj cez sviatky. To v\u00e1s a\u017e zahreje na du\u0161i pr\u00eddete na in\u00e9 my\u0161lienky. Za p\u00e1r dn\u00ed budem robi\u0165 zimn\u00fa n\u00e1stenku hne\u010f aj Viano\u010dn\u00fa atmosf\u00e9ru v\u00fdzdobu v\u010dera som vylo\u017eila u\u017e snehuliakov m\u00e1m tak\u00e9ho \u010do men\u00ed farby aj na zavesenie dala som ho na kalend\u00e1r. M\u00e1m ve\u013emi rada anjelov zbieram ich. Jedine \u010do nezn\u00e1\u0161am je hraba\u0165 sneh d\u00e1va\u0165 pre\u010d aby sme mohli norm\u00e1lne chodi\u0165. \u013dudia s\u00fa tak drz\u00ed \u017ee robia \u0161m\u00fdka\u010dky ke\u010f na to napad\u00e1 sneh tak to nevidie\u0165 \u010dlovek sa norm\u00e1lne boj\u00ed aby nepadol a nie\u010do si neurobil.                                                                                                                                                                                                                                                                                                                                                                                         4.2\/5 - (6 votes)        "},{"@context":"https:\/\/schema.org\/","@type":"BreadcrumbList","itemListElement":[{"@type":"ListItem","position":1,"name":"Zimn\u00e1 sez\u00f3na za\u010dala dovolenka snov","item":"https:\/\/www.usulov.sk\/zimna-sezona-zacala-dovolenka-snov\/#breadcrumbitem"}]}]